{"id":2413,"date":"2024-09-11T18:46:07","date_gmt":"2024-09-11T16:46:07","guid":{"rendered":"https:\/\/www.4igv.cz\/?p=2413"},"modified":"2024-09-19T22:28:44","modified_gmt":"2024-09-19T20:28:44","slug":"mezinarodni-strojirensky-veletrh-v-brne-2","status":"publish","type":"post","link":"https:\/\/www.4igv.cz\/en\/mezinarodni-strojirensky-veletrh-v-brne-2\/","title":{"rendered":"Mezin\u00e1rodn\u00ed stroj\u00edrensk\u00fd veletrh v Brn\u011b"},"content":{"rendered":"<p>&nbsp;<\/p>\n<p><img fetchpriority=\"high\" decoding=\"async\" class=\"alignnone size-full wp-image-2414\" src=\"https:\/\/www.4igv.cz\/wp-content\/uploads\/2024\/09\/msv-banner-24.jpg\" alt=\"\" width=\"1800\" height=\"819\" srcset=\"https:\/\/www.4igv.cz\/wp-content\/uploads\/2024\/09\/msv-banner-24.jpg 1800w, https:\/\/www.4igv.cz\/wp-content\/uploads\/2024\/09\/msv-banner-24-400x182.jpg 400w, https:\/\/www.4igv.cz\/wp-content\/uploads\/2024\/09\/msv-banner-24-768x349.jpg 768w, https:\/\/www.4igv.cz\/wp-content\/uploads\/2024\/09\/msv-banner-24-1536x699.jpg 1536w, https:\/\/www.4igv.cz\/wp-content\/uploads\/2024\/09\/msv-banner-24-18x8.jpg 18w\" sizes=\"(max-width: 1800px) 100vw, 1800px\" \/><\/p>\n<p>Ve dnech 8.-11.10.2024 v\u00e1s zveme na Mezin\u00e1rodn\u00ed stroj\u00edrensk\u00fd veletrh v Brn\u011b, kde m\u016f\u017eete nav\u0161t\u00edvit na\u0161i expozici v pavilonu A2 (st\u00e1nek 049).<\/p>\n<p>Uvid\u00edte v provozu automatizovan\u00fd skladovac\u00ed syst\u00e9m Idea Storage a autonomn\u00ed voz\u00edk RoboMelkus.<\/p>\n<p>R\u00e1di V\u00e1m uk\u00e1\u017eeme a detailn\u011bji vysv\u011btl\u00edme konkr\u00e9tn\u00ed p\u0159\u00ednosy p\u0159\u00edmo pro v\u00e1\u0161 provoz.<\/p>\n<p>T\u011b\u0161\u00edme se na V\u00e1s.<\/p>\n<p><strong><a href=\"https:\/\/www.bvv.cz\/msv\/aktuality\/4igv-automatizace-a-robotizace-intralogistiky\">V\u00edce se dozv\u00edte zde \u2192<\/a><\/strong><\/p>","protected":false},"excerpt":{"rendered":"<p>&nbsp; Ve dnech 8.-11.10.2024 v\u00e1s zveme na Mezin\u00e1rodn\u00ed stroj\u00edrensk\u00fd veletrh v Brn\u011b, kde m\u016f\u017eete nav\u0161t\u00edvit na\u0161i expozici v pavilonu A2 (st\u00e1nek 049). Uvid\u00edte v provozu automatizovan\u00fd skladovac\u00ed syst\u00e9m Idea Storage a autonomn\u00ed voz\u00edk RoboMelkus. R\u00e1di V\u00e1m uk\u00e1\u017eeme a detailn\u011bji vysv\u011btl\u00edme konkr\u00e9tn\u00ed p\u0159\u00ednosy p\u0159\u00edmo pro v\u00e1\u0161 provoz. T\u011b\u0161\u00edme se na V\u00e1s. V\u00edce se dozv\u00edte zde \u2192<\/p>","protected":false},"author":2,"featured_media":2414,"comment_status":"closed","ping_status":"open","sticky":false,"template":"","format":"standard","meta":{"_acf_changed":false,"footnotes":""},"categories":[22],"tags":[],"class_list":["post-2413","post","type-post","status-publish","format-standard","has-post-thumbnail","hentry","category-udalosti"],"acf":[],"_links":{"self":[{"href":"https:\/\/www.4igv.cz\/en\/wp-json\/wp\/v2\/posts\/2413","targetHints":{"allow":["GET"]}}],"collection":[{"href":"https:\/\/www.4igv.cz\/en\/wp-json\/wp\/v2\/posts"}],"about":[{"href":"https:\/\/www.4igv.cz\/en\/wp-json\/wp\/v2\/types\/post"}],"author":[{"embeddable":true,"href":"https:\/\/www.4igv.cz\/en\/wp-json\/wp\/v2\/users\/2"}],"replies":[{"embeddable":true,"href":"https:\/\/www.4igv.cz\/en\/wp-json\/wp\/v2\/comments?post=2413"}],"version-history":[{"count":3,"href":"https:\/\/www.4igv.cz\/en\/wp-json\/wp\/v2\/posts\/2413\/revisions"}],"predecessor-version":[{"id":2430,"href":"https:\/\/www.4igv.cz\/en\/wp-json\/wp\/v2\/posts\/2413\/revisions\/2430"}],"wp:featuredmedia":[{"embeddable":true,"href":"https:\/\/www.4igv.cz\/en\/wp-json\/wp\/v2\/media\/2414"}],"wp:attachment":[{"href":"https:\/\/www.4igv.cz\/en\/wp-json\/wp\/v2\/media?parent=2413"}],"wp:term":[{"taxonomy":"category","embeddable":true,"href":"https:\/\/www.4igv.cz\/en\/wp-json\/wp\/v2\/categories?post=2413"},{"taxonomy":"post_tag","embeddable":true,"href":"https:\/\/www.4igv.cz\/en\/wp-json\/wp\/v2\/tags?post=2413"}],"curies":[{"name":"wp","href":"https:\/\/api.w.org\/{rel}","templated":true}]}}